{"id":970,"date":"2021-09-13T19:00:05","date_gmt":"2021-09-13T17:00:05","guid":{"rendered":"https:\/\/anne-leloup.be\/site\/?p=970"},"modified":"2021-09-13T19:04:27","modified_gmt":"2021-09-13T17:04:27","slug":"nos-abris-nos-rivieres-une-exposition-dans-le-cadre-de-la-fete-de-la-gravure-a-liege","status":"publish","type":"post","link":"http:\/\/anne-leloup.be\/site\/2021\/09\/13\/nos-abris-nos-rivieres-une-exposition-dans-le-cadre-de-la-fete-de-la-gravure-a-liege\/","title":{"rendered":"Nos abris, nos rivi\u00e8res \/ une exposition dans le cadre de la F\u00eate de la Gravure \u00e0 Li\u00e8ge"},"content":{"rendered":"\n<figure class=\"wp-block-image size-large\"><img loading=\"lazy\" width=\"726\" height=\"1024\" src=\"https:\/\/anne-leloup.be\/wp-content\/uploads\/2021\/09\/invit-726x1024.jpg\" alt=\"\" class=\"wp-image-972\" srcset=\"http:\/\/anne-leloup.be\/wp-content\/uploads\/2021\/09\/invit-726x1024.jpg 726w, http:\/\/anne-leloup.be\/wp-content\/uploads\/2021\/09\/invit-213x300.jpg 213w, http:\/\/anne-leloup.be\/wp-content\/uploads\/2021\/09\/invit-768x1083.jpg 768w, http:\/\/anne-leloup.be\/wp-content\/uploads\/2021\/09\/invit-1090x1536.jpg 1090w, http:\/\/anne-leloup.be\/wp-content\/uploads\/2021\/09\/invit-1453x2048.jpg 1453w, http:\/\/anne-leloup.be\/wp-content\/uploads\/2021\/09\/invit-scaled.jpg 1816w\" sizes=\"(max-width: 726px) 100vw, 726px\" \/><\/figure>\n\n\n\n<figure class=\"wp-block-image size-large\"><img loading=\"lazy\" width=\"726\" height=\"1024\" src=\"https:\/\/anne-leloup.be\/wp-content\/uploads\/2021\/09\/invit2-726x1024.jpg\" alt=\"\" class=\"wp-image-971\" srcset=\"http:\/\/anne-leloup.be\/wp-content\/uploads\/2021\/09\/invit2-726x1024.jpg 726w, http:\/\/anne-leloup.be\/wp-content\/uploads\/2021\/09\/invit2-213x300.jpg 213w, http:\/\/anne-leloup.be\/wp-content\/uploads\/2021\/09\/invit2-768x1083.jpg 768w, http:\/\/anne-leloup.be\/wp-content\/uploads\/2021\/09\/invit2-1090x1536.jpg 1090w, http:\/\/anne-leloup.be\/wp-content\/uploads\/2021\/09\/invit2-1453x2048.jpg 1453w, http:\/\/anne-leloup.be\/wp-content\/uploads\/2021\/09\/invit2-scaled.jpg 1816w\" sizes=\"(max-width: 726px) 100vw, 726px\" \/><\/figure>\n\n\n\n<hr class=\"wp-block-separator\"\/>\n","protected":false},"excerpt":{"rendered":"","protected":false},"author":1,"featured_media":0,"comment_status":"closed","ping_status":"closed","sticky":false,"template":"","format":"standard","meta":{"ngg_post_thumbnail":0},"categories":[2],"tags":[],"_links":{"self":[{"href":"http:\/\/anne-leloup.be\/site\/wp-json\/wp\/v2\/posts\/970"}],"collection":[{"href":"http:\/\/anne-leloup.be\/site\/wp-json\/wp\/v2\/posts"}],"about":[{"href":"http:\/\/anne-leloup.be\/site\/wp-json\/wp\/v2\/types\/post"}],"author":[{"embeddable":true,"href":"http:\/\/anne-leloup.be\/site\/wp-json\/wp\/v2\/users\/1"}],"replies":[{"embeddable":true,"href":"http:\/\/anne-leloup.be\/site\/wp-json\/wp\/v2\/comments?post=970"}],"version-history":[{"count":2,"href":"http:\/\/anne-leloup.be\/site\/wp-json\/wp\/v2\/posts\/970\/revisions"}],"predecessor-version":[{"id":974,"href":"http:\/\/anne-leloup.be\/site\/wp-json\/wp\/v2\/posts\/970\/revisions\/974"}],"wp:attachment":[{"href":"http:\/\/anne-leloup.be\/site\/wp-json\/wp\/v2\/media?parent=970"}],"wp:term":[{"taxonomy":"category","embeddable":true,"href":"http:\/\/anne-leloup.be\/site\/wp-json\/wp\/v2\/categories?post=970"},{"taxonomy":"post_tag","embeddable":true,"href":"http:\/\/anne-leloup.be\/site\/wp-json\/wp\/v2\/tags?post=970"}],"curies":[{"name":"wp","href":"https:\/\/api.w.org\/{rel}","templated":true}]}}